{"id":9988,"count":1,"description":"","link":"https:\/\/revistaempresarios.net\/web\/tag\/face-doctor-garante-presenca-no-congresso-de-medicina-estetica-em-monaco\/","name":"Face Doctor garante presen\u00e7a no congresso de medicina est\u00e9tica em M\u00f4naco","slug":"face-doctor-garante-presenca-no-congresso-de-medicina-estetica-em-monaco","taxonomy":"post_tag","meta":[],"_links":{"self":[{"href":"https:\/\/revistaempresarios.net\/web\/wp-json\/wp\/v2\/tags\/9988"}],"collection":[{"href":"https:\/\/revistaempresarios.net\/web\/wp-json\/wp\/v2\/tags"}],"about":[{"href":"https:\/\/revistaempresarios.net\/web\/wp-json\/wp\/v2\/taxonomies\/post_tag"}],"wp:post_type":[{"href":"https:\/\/revistaempresarios.net\/web\/wp-json\/wp\/v2\/posts?tags=9988"}],"curies":[{"name":"wp","href":"https:\/\/api.w.org\/{rel}","templated":true}]}}