{"id":9723,"count":1,"description":"","link":"https:\/\/revistaempresarios.net\/web\/tag\/autora-de-artigos-e-do-livro-gestao-estrategica-e-competitividade-tributaria-para-pequenos-grandes-negocios\/","name":"autora de artigos e do Livro Gest\u00e3o Estrat\u00e9gica e Competitividade Tribut\u00e1ria para \u201cpequenos\u201d grandes neg\u00f3cios.","slug":"autora-de-artigos-e-do-livro-gestao-estrategica-e-competitividade-tributaria-para-pequenos-grandes-negocios","taxonomy":"post_tag","meta":[],"_links":{"self":[{"href":"https:\/\/revistaempresarios.net\/web\/wp-json\/wp\/v2\/tags\/9723"}],"collection":[{"href":"https:\/\/revistaempresarios.net\/web\/wp-json\/wp\/v2\/tags"}],"about":[{"href":"https:\/\/revistaempresarios.net\/web\/wp-json\/wp\/v2\/taxonomies\/post_tag"}],"wp:post_type":[{"href":"https:\/\/revistaempresarios.net\/web\/wp-json\/wp\/v2\/posts?tags=9723"}],"curies":[{"name":"wp","href":"https:\/\/api.w.org\/{rel}","templated":true}]}}