{"id":9570,"count":1,"description":"","link":"https:\/\/revistaempresarios.net\/web\/tag\/guarda-digital-lanca-plataforma-pioneira-para-lidar-com-gestao-pos-morte\/","name":"Guarda Digital lan\u00e7a plataforma pioneira para lidar com gest\u00e3o p\u00f3s-morte","slug":"guarda-digital-lanca-plataforma-pioneira-para-lidar-com-gestao-pos-morte","taxonomy":"post_tag","meta":[],"_links":{"self":[{"href":"https:\/\/revistaempresarios.net\/web\/wp-json\/wp\/v2\/tags\/9570"}],"collection":[{"href":"https:\/\/revistaempresarios.net\/web\/wp-json\/wp\/v2\/tags"}],"about":[{"href":"https:\/\/revistaempresarios.net\/web\/wp-json\/wp\/v2\/taxonomies\/post_tag"}],"wp:post_type":[{"href":"https:\/\/revistaempresarios.net\/web\/wp-json\/wp\/v2\/posts?tags=9570"}],"curies":[{"name":"wp","href":"https:\/\/api.w.org\/{rel}","templated":true}]}}