{"id":9178,"count":1,"description":"","link":"https:\/\/revistaempresarios.net\/web\/tag\/unicred-integracao-inaugura-agencia-em-sao-luis-do-maranhao\/","name":"Unicred Integra\u00e7\u00e3o inaugura ag\u00eancia em S\u00e3o Lu\u00eds do Maranh\u00e3o","slug":"unicred-integracao-inaugura-agencia-em-sao-luis-do-maranhao","taxonomy":"post_tag","meta":[],"_links":{"self":[{"href":"https:\/\/revistaempresarios.net\/web\/wp-json\/wp\/v2\/tags\/9178"}],"collection":[{"href":"https:\/\/revistaempresarios.net\/web\/wp-json\/wp\/v2\/tags"}],"about":[{"href":"https:\/\/revistaempresarios.net\/web\/wp-json\/wp\/v2\/taxonomies\/post_tag"}],"wp:post_type":[{"href":"https:\/\/revistaempresarios.net\/web\/wp-json\/wp\/v2\/posts?tags=9178"}],"curies":[{"name":"wp","href":"https:\/\/api.w.org\/{rel}","templated":true}]}}