{"id":8779,"count":1,"description":"","link":"https:\/\/revistaempresarios.net\/web\/tag\/busca-de-credito-tera-espaco-especial-ao-empreendedor-na-fe23\/","name":"Busca de cr\u00e9dito ter\u00e1 espa\u00e7o especial ao empreendedor na FE23","slug":"busca-de-credito-tera-espaco-especial-ao-empreendedor-na-fe23","taxonomy":"post_tag","meta":[],"_links":{"self":[{"href":"https:\/\/revistaempresarios.net\/web\/wp-json\/wp\/v2\/tags\/8779"}],"collection":[{"href":"https:\/\/revistaempresarios.net\/web\/wp-json\/wp\/v2\/tags"}],"about":[{"href":"https:\/\/revistaempresarios.net\/web\/wp-json\/wp\/v2\/taxonomies\/post_tag"}],"wp:post_type":[{"href":"https:\/\/revistaempresarios.net\/web\/wp-json\/wp\/v2\/posts?tags=8779"}],"curies":[{"name":"wp","href":"https:\/\/api.w.org\/{rel}","templated":true}]}}