{"id":8254,"count":1,"description":"","link":"https:\/\/revistaempresarios.net\/web\/tag\/comercio-entre-brasil-e-canada-mantem-tendencia-de-alta-no-primeiro-semestre-de-2023\/","name":"Com\u00e9rcio entre Brasil e Canad\u00e1 mant\u00e9m tend\u00eancia de alta no primeiro semestre de 2023","slug":"comercio-entre-brasil-e-canada-mantem-tendencia-de-alta-no-primeiro-semestre-de-2023","taxonomy":"post_tag","meta":[],"_links":{"self":[{"href":"https:\/\/revistaempresarios.net\/web\/wp-json\/wp\/v2\/tags\/8254"}],"collection":[{"href":"https:\/\/revistaempresarios.net\/web\/wp-json\/wp\/v2\/tags"}],"about":[{"href":"https:\/\/revistaempresarios.net\/web\/wp-json\/wp\/v2\/taxonomies\/post_tag"}],"wp:post_type":[{"href":"https:\/\/revistaempresarios.net\/web\/wp-json\/wp\/v2\/posts?tags=8254"}],"curies":[{"name":"wp","href":"https:\/\/api.w.org\/{rel}","templated":true}]}}