{"id":8123,"count":1,"description":"","link":"https:\/\/revistaempresarios.net\/web\/tag\/entenda-as-principais-leis-de-protecao-de-dados-na-america-latina-por-erika-patara-e-diretora-juridica-da-odata\/","name":"Entenda as principais leis de prote\u00e7\u00e3o de dados na Am\u00e9rica Latina - Por: Erika Patara \u00e9 diretora jur\u00eddica da ODATA.","slug":"entenda-as-principais-leis-de-protecao-de-dados-na-america-latina-por-erika-patara-e-diretora-juridica-da-odata","taxonomy":"post_tag","meta":[],"_links":{"self":[{"href":"https:\/\/revistaempresarios.net\/web\/wp-json\/wp\/v2\/tags\/8123"}],"collection":[{"href":"https:\/\/revistaempresarios.net\/web\/wp-json\/wp\/v2\/tags"}],"about":[{"href":"https:\/\/revistaempresarios.net\/web\/wp-json\/wp\/v2\/taxonomies\/post_tag"}],"wp:post_type":[{"href":"https:\/\/revistaempresarios.net\/web\/wp-json\/wp\/v2\/posts?tags=8123"}],"curies":[{"name":"wp","href":"https:\/\/api.w.org\/{rel}","templated":true}]}}