{"id":7998,"count":1,"description":"","link":"https:\/\/revistaempresarios.net\/web\/tag\/do-brasil-para-o-mundo-historia-de-internacionalizacao-das-havaianas-vira-livro\/","name":"[DO BRASIL PARA O MUNDO] Hist\u00f3ria de internacionaliza\u00e7\u00e3o das Havaianas vira livro","slug":"do-brasil-para-o-mundo-historia-de-internacionalizacao-das-havaianas-vira-livro","taxonomy":"post_tag","meta":[],"_links":{"self":[{"href":"https:\/\/revistaempresarios.net\/web\/wp-json\/wp\/v2\/tags\/7998"}],"collection":[{"href":"https:\/\/revistaempresarios.net\/web\/wp-json\/wp\/v2\/tags"}],"about":[{"href":"https:\/\/revistaempresarios.net\/web\/wp-json\/wp\/v2\/taxonomies\/post_tag"}],"wp:post_type":[{"href":"https:\/\/revistaempresarios.net\/web\/wp-json\/wp\/v2\/posts?tags=7998"}],"curies":[{"name":"wp","href":"https:\/\/api.w.org\/{rel}","templated":true}]}}