{"id":7900,"count":1,"description":"","link":"https:\/\/revistaempresarios.net\/web\/tag\/trajetoria-de-lideres-empresarias-sera-contada-na-obra-santa-catarina-uma-historia-de-empreendedorismo\/","name":"Trajet\u00f3ria de l\u00edderes empresarias ser\u00e1 contada na obra \u201cSanta Catarina: uma hist\u00f3ria de empreendedorismo\u201d","slug":"trajetoria-de-lideres-empresarias-sera-contada-na-obra-santa-catarina-uma-historia-de-empreendedorismo","taxonomy":"post_tag","meta":[],"_links":{"self":[{"href":"https:\/\/revistaempresarios.net\/web\/wp-json\/wp\/v2\/tags\/7900"}],"collection":[{"href":"https:\/\/revistaempresarios.net\/web\/wp-json\/wp\/v2\/tags"}],"about":[{"href":"https:\/\/revistaempresarios.net\/web\/wp-json\/wp\/v2\/taxonomies\/post_tag"}],"wp:post_type":[{"href":"https:\/\/revistaempresarios.net\/web\/wp-json\/wp\/v2\/posts?tags=7900"}],"curies":[{"name":"wp","href":"https:\/\/api.w.org\/{rel}","templated":true}]}}