{"id":7794,"count":1,"description":"","link":"https:\/\/revistaempresarios.net\/web\/tag\/fcb-brasil-reforca-midia-e-marcas-e-negocios\/","name":"FCB Brasil refor\u00e7a M\u00eddia e Marcas e Neg\u00f3cios","slug":"fcb-brasil-reforca-midia-e-marcas-e-negocios","taxonomy":"post_tag","meta":[],"_links":{"self":[{"href":"https:\/\/revistaempresarios.net\/web\/wp-json\/wp\/v2\/tags\/7794"}],"collection":[{"href":"https:\/\/revistaempresarios.net\/web\/wp-json\/wp\/v2\/tags"}],"about":[{"href":"https:\/\/revistaempresarios.net\/web\/wp-json\/wp\/v2\/taxonomies\/post_tag"}],"wp:post_type":[{"href":"https:\/\/revistaempresarios.net\/web\/wp-json\/wp\/v2\/posts?tags=7794"}],"curies":[{"name":"wp","href":"https:\/\/api.w.org\/{rel}","templated":true}]}}