{"id":7724,"count":1,"description":"","link":"https:\/\/revistaempresarios.net\/web\/tag\/industria-brasileira-de-maquinas-e-equipamentos-estima-usd-6-mi-apos-participacao-na-maior-feira-do-setor-textil-do-mundo\/","name":"Ind\u00fastria brasileira de m\u00e1quinas e equipamentos estima USD 6 MI ap\u00f3s participa\u00e7\u00e3o na maior feira do setor t\u00eaxtil do mundo","slug":"industria-brasileira-de-maquinas-e-equipamentos-estima-usd-6-mi-apos-participacao-na-maior-feira-do-setor-textil-do-mundo","taxonomy":"post_tag","meta":[],"_links":{"self":[{"href":"https:\/\/revistaempresarios.net\/web\/wp-json\/wp\/v2\/tags\/7724"}],"collection":[{"href":"https:\/\/revistaempresarios.net\/web\/wp-json\/wp\/v2\/tags"}],"about":[{"href":"https:\/\/revistaempresarios.net\/web\/wp-json\/wp\/v2\/taxonomies\/post_tag"}],"wp:post_type":[{"href":"https:\/\/revistaempresarios.net\/web\/wp-json\/wp\/v2\/posts?tags=7724"}],"curies":[{"name":"wp","href":"https:\/\/api.w.org\/{rel}","templated":true}]}}