{"id":7702,"count":1,"description":"","link":"https:\/\/revistaempresarios.net\/web\/tag\/fenasaude-participa-do-xi-forum-juridico-de-lisboa\/","name":"FenaSa\u00fade participa do XI F\u00f3rum Jur\u00eddico de Lisboa","slug":"fenasaude-participa-do-xi-forum-juridico-de-lisboa","taxonomy":"post_tag","meta":[],"_links":{"self":[{"href":"https:\/\/revistaempresarios.net\/web\/wp-json\/wp\/v2\/tags\/7702"}],"collection":[{"href":"https:\/\/revistaempresarios.net\/web\/wp-json\/wp\/v2\/tags"}],"about":[{"href":"https:\/\/revistaempresarios.net\/web\/wp-json\/wp\/v2\/taxonomies\/post_tag"}],"wp:post_type":[{"href":"https:\/\/revistaempresarios.net\/web\/wp-json\/wp\/v2\/posts?tags=7702"}],"curies":[{"name":"wp","href":"https:\/\/api.w.org\/{rel}","templated":true}]}}