{"id":7686,"count":1,"description":"","link":"https:\/\/revistaempresarios.net\/web\/tag\/economia-colaborativa-e-tema-do-proximo-papo-sebrae-de-financas\/","name":"Economia Colaborativa \u00e9 tema do pr\u00f3ximo Papo Sebrae de Finan\u00e7as","slug":"economia-colaborativa-e-tema-do-proximo-papo-sebrae-de-financas","taxonomy":"post_tag","meta":[],"_links":{"self":[{"href":"https:\/\/revistaempresarios.net\/web\/wp-json\/wp\/v2\/tags\/7686"}],"collection":[{"href":"https:\/\/revistaempresarios.net\/web\/wp-json\/wp\/v2\/tags"}],"about":[{"href":"https:\/\/revistaempresarios.net\/web\/wp-json\/wp\/v2\/taxonomies\/post_tag"}],"wp:post_type":[{"href":"https:\/\/revistaempresarios.net\/web\/wp-json\/wp\/v2\/posts?tags=7686"}],"curies":[{"name":"wp","href":"https:\/\/api.w.org\/{rel}","templated":true}]}}