{"id":7666,"count":1,"description":"","link":"https:\/\/revistaempresarios.net\/web\/tag\/2a-edicao-do-premio-diversidade-em-pratica-tem-inscricoes-prorrogadas-ate-o-dia-30-de-junho\/","name":"2\u00aa edi\u00e7\u00e3o do Pr\u00eamio Diversidade em Pr\u00e1tica tem inscri\u00e7\u00f5es prorrogadas at\u00e9 o dia 30 de junho","slug":"2a-edicao-do-premio-diversidade-em-pratica-tem-inscricoes-prorrogadas-ate-o-dia-30-de-junho","taxonomy":"post_tag","meta":[],"_links":{"self":[{"href":"https:\/\/revistaempresarios.net\/web\/wp-json\/wp\/v2\/tags\/7666"}],"collection":[{"href":"https:\/\/revistaempresarios.net\/web\/wp-json\/wp\/v2\/tags"}],"about":[{"href":"https:\/\/revistaempresarios.net\/web\/wp-json\/wp\/v2\/taxonomies\/post_tag"}],"wp:post_type":[{"href":"https:\/\/revistaempresarios.net\/web\/wp-json\/wp\/v2\/posts?tags=7666"}],"curies":[{"name":"wp","href":"https:\/\/api.w.org\/{rel}","templated":true}]}}