{"id":7655,"count":1,"description":"","link":"https:\/\/revistaempresarios.net\/web\/tag\/maio-e-o-mes-com-maior-proporcao-e-volume-de-passageiros-afetados-por-cancelamentos-de-voos-no-ano\/","name":"Maio \u00e9 o m\u00eas com maior propor\u00e7\u00e3o e volume de passageiros afetados por cancelamentos de voos no ano","slug":"maio-e-o-mes-com-maior-proporcao-e-volume-de-passageiros-afetados-por-cancelamentos-de-voos-no-ano","taxonomy":"post_tag","meta":[],"_links":{"self":[{"href":"https:\/\/revistaempresarios.net\/web\/wp-json\/wp\/v2\/tags\/7655"}],"collection":[{"href":"https:\/\/revistaempresarios.net\/web\/wp-json\/wp\/v2\/tags"}],"about":[{"href":"https:\/\/revistaempresarios.net\/web\/wp-json\/wp\/v2\/taxonomies\/post_tag"}],"wp:post_type":[{"href":"https:\/\/revistaempresarios.net\/web\/wp-json\/wp\/v2\/posts?tags=7655"}],"curies":[{"name":"wp","href":"https:\/\/api.w.org\/{rel}","templated":true}]}}