{"id":7648,"count":1,"description":"","link":"https:\/\/revistaempresarios.net\/web\/tag\/a-profissao-de-social-media-como-alternativa-ao-desemprego-por-vinicius-taddone-e-diretor-de-marketing-e-fundador-da-vtaddone-www-vtaddone-com-br\/","name":"A profiss\u00e3o de Social Media como alternativa ao desemprego - Por : Vin\u00edcius Taddone \u00e9 diretor de marketing e fundador da VTaddone\u00ae www.vtaddone.com.br","slug":"a-profissao-de-social-media-como-alternativa-ao-desemprego-por-vinicius-taddone-e-diretor-de-marketing-e-fundador-da-vtaddone-www-vtaddone-com-br","taxonomy":"post_tag","meta":[],"_links":{"self":[{"href":"https:\/\/revistaempresarios.net\/web\/wp-json\/wp\/v2\/tags\/7648"}],"collection":[{"href":"https:\/\/revistaempresarios.net\/web\/wp-json\/wp\/v2\/tags"}],"about":[{"href":"https:\/\/revistaempresarios.net\/web\/wp-json\/wp\/v2\/taxonomies\/post_tag"}],"wp:post_type":[{"href":"https:\/\/revistaempresarios.net\/web\/wp-json\/wp\/v2\/posts?tags=7648"}],"curies":[{"name":"wp","href":"https:\/\/api.w.org\/{rel}","templated":true}]}}