{"id":7637,"count":1,"description":"","link":"https:\/\/revistaempresarios.net\/web\/tag\/crescimentum-celebra-20-anos-na-lideranca-do-mercado-de-educacao-corporativa-na-expo-cbtd-2023\/","name":"Crescimentum celebra 20 anos na lideran\u00e7a do mercado de educa\u00e7\u00e3o corporativa na Expo CBTD 2023","slug":"crescimentum-celebra-20-anos-na-lideranca-do-mercado-de-educacao-corporativa-na-expo-cbtd-2023","taxonomy":"post_tag","meta":[],"_links":{"self":[{"href":"https:\/\/revistaempresarios.net\/web\/wp-json\/wp\/v2\/tags\/7637"}],"collection":[{"href":"https:\/\/revistaempresarios.net\/web\/wp-json\/wp\/v2\/tags"}],"about":[{"href":"https:\/\/revistaempresarios.net\/web\/wp-json\/wp\/v2\/taxonomies\/post_tag"}],"wp:post_type":[{"href":"https:\/\/revistaempresarios.net\/web\/wp-json\/wp\/v2\/posts?tags=7637"}],"curies":[{"name":"wp","href":"https:\/\/api.w.org\/{rel}","templated":true}]}}