{"id":7539,"count":1,"description":"","link":"https:\/\/revistaempresarios.net\/web\/tag\/assedio-virtual-burnout-digital-empresas-nao-percebem-que-essas-praticas-impactam-negativamente-a-vida-dos-colaboradores\/","name":"Ass\u00e9dio Virtual+ Burnout Digital: Empresas n\u00e3o percebem que essas pr\u00e1ticas impactam negativamente a vida dos colaboradores","slug":"assedio-virtual-burnout-digital-empresas-nao-percebem-que-essas-praticas-impactam-negativamente-a-vida-dos-colaboradores","taxonomy":"post_tag","meta":[],"_links":{"self":[{"href":"https:\/\/revistaempresarios.net\/web\/wp-json\/wp\/v2\/tags\/7539"}],"collection":[{"href":"https:\/\/revistaempresarios.net\/web\/wp-json\/wp\/v2\/tags"}],"about":[{"href":"https:\/\/revistaempresarios.net\/web\/wp-json\/wp\/v2\/taxonomies\/post_tag"}],"wp:post_type":[{"href":"https:\/\/revistaempresarios.net\/web\/wp-json\/wp\/v2\/posts?tags=7539"}],"curies":[{"name":"wp","href":"https:\/\/api.w.org\/{rel}","templated":true}]}}