{"id":7309,"count":1,"description":"","link":"https:\/\/revistaempresarios.net\/web\/tag\/palestrante-e-socio-fundador-da-cardoso-advogados-associados-e-pos-graduado-em-direito-civil\/","name":"palestrante e s\u00f3cio fundador da Cardoso Advogados Associados. \u00c9 p\u00f3s-graduado em Direito Civil","slug":"palestrante-e-socio-fundador-da-cardoso-advogados-associados-e-pos-graduado-em-direito-civil","taxonomy":"post_tag","meta":[],"_links":{"self":[{"href":"https:\/\/revistaempresarios.net\/web\/wp-json\/wp\/v2\/tags\/7309"}],"collection":[{"href":"https:\/\/revistaempresarios.net\/web\/wp-json\/wp\/v2\/tags"}],"about":[{"href":"https:\/\/revistaempresarios.net\/web\/wp-json\/wp\/v2\/taxonomies\/post_tag"}],"wp:post_type":[{"href":"https:\/\/revistaempresarios.net\/web\/wp-json\/wp\/v2\/posts?tags=7309"}],"curies":[{"name":"wp","href":"https:\/\/api.w.org\/{rel}","templated":true}]}}