{"id":7208,"count":1,"description":"","link":"https:\/\/revistaempresarios.net\/web\/tag\/carrefour-exigira-bodycams-de-segurancas-que-atuam-nas-areas-externas-das-lojas\/","name":"Carrefour exigir\u00e1 bodycams de seguran\u00e7as que atuam nas \u00e1reas externas das lojas","slug":"carrefour-exigira-bodycams-de-segurancas-que-atuam-nas-areas-externas-das-lojas","taxonomy":"post_tag","meta":[],"_links":{"self":[{"href":"https:\/\/revistaempresarios.net\/web\/wp-json\/wp\/v2\/tags\/7208"}],"collection":[{"href":"https:\/\/revistaempresarios.net\/web\/wp-json\/wp\/v2\/tags"}],"about":[{"href":"https:\/\/revistaempresarios.net\/web\/wp-json\/wp\/v2\/taxonomies\/post_tag"}],"wp:post_type":[{"href":"https:\/\/revistaempresarios.net\/web\/wp-json\/wp\/v2\/posts?tags=7208"}],"curies":[{"name":"wp","href":"https:\/\/api.w.org\/{rel}","templated":true}]}}