{"id":7138,"count":1,"description":"","link":"https:\/\/revistaempresarios.net\/web\/tag\/maioria-dos-lideres-acha-dificil-trabalhar-com-a-geracao-z\/","name":"Maioria dos l\u00edderes acha dif\u00edcil trabalhar com a Gera\u00e7\u00e3o Z","slug":"maioria-dos-lideres-acha-dificil-trabalhar-com-a-geracao-z","taxonomy":"post_tag","meta":[],"_links":{"self":[{"href":"https:\/\/revistaempresarios.net\/web\/wp-json\/wp\/v2\/tags\/7138"}],"collection":[{"href":"https:\/\/revistaempresarios.net\/web\/wp-json\/wp\/v2\/tags"}],"about":[{"href":"https:\/\/revistaempresarios.net\/web\/wp-json\/wp\/v2\/taxonomies\/post_tag"}],"wp:post_type":[{"href":"https:\/\/revistaempresarios.net\/web\/wp-json\/wp\/v2\/posts?tags=7138"}],"curies":[{"name":"wp","href":"https:\/\/api.w.org\/{rel}","templated":true}]}}