{"id":7126,"count":1,"description":"","link":"https:\/\/revistaempresarios.net\/web\/tag\/flormel-apresenta-rodolfo-tornesi-lourenco-na-direcao-geral-da-empresa\/","name":"Flormel apresenta Rodolfo Tornesi Louren\u00e7o na dire\u00e7\u00e3o geral da empresa","slug":"flormel-apresenta-rodolfo-tornesi-lourenco-na-direcao-geral-da-empresa","taxonomy":"post_tag","meta":[],"_links":{"self":[{"href":"https:\/\/revistaempresarios.net\/web\/wp-json\/wp\/v2\/tags\/7126"}],"collection":[{"href":"https:\/\/revistaempresarios.net\/web\/wp-json\/wp\/v2\/tags"}],"about":[{"href":"https:\/\/revistaempresarios.net\/web\/wp-json\/wp\/v2\/taxonomies\/post_tag"}],"wp:post_type":[{"href":"https:\/\/revistaempresarios.net\/web\/wp-json\/wp\/v2\/posts?tags=7126"}],"curies":[{"name":"wp","href":"https:\/\/api.w.org\/{rel}","templated":true}]}}