{"id":7044,"count":1,"description":"","link":"https:\/\/revistaempresarios.net\/web\/tag\/o-que-leva-uma-empresa-a-ser-processada-pela-anpd-por-lucelia-marcondes-e-advogada-no-rucker-curi-advocacia-e-consultoria-juridica\/","name":"O que leva uma empresa a ser processada pela ANPD? - Por: Lucelia Marcondes \u00e9 advogada no R\u00fccker Curi Advocacia e Consultoria Jur\u00eddica","slug":"o-que-leva-uma-empresa-a-ser-processada-pela-anpd-por-lucelia-marcondes-e-advogada-no-rucker-curi-advocacia-e-consultoria-juridica","taxonomy":"post_tag","meta":[],"_links":{"self":[{"href":"https:\/\/revistaempresarios.net\/web\/wp-json\/wp\/v2\/tags\/7044"}],"collection":[{"href":"https:\/\/revistaempresarios.net\/web\/wp-json\/wp\/v2\/tags"}],"about":[{"href":"https:\/\/revistaempresarios.net\/web\/wp-json\/wp\/v2\/taxonomies\/post_tag"}],"wp:post_type":[{"href":"https:\/\/revistaempresarios.net\/web\/wp-json\/wp\/v2\/posts?tags=7044"}],"curies":[{"name":"wp","href":"https:\/\/api.w.org\/{rel}","templated":true}]}}