{"id":6931,"count":1,"description":"","link":"https:\/\/revistaempresarios.net\/web\/tag\/substituicao-de-profissionais-em-cargos-de-lideranca-quando-e-como-fazer-por-veridiana-barcelos-psicologa\/","name":"Substitui\u00e7\u00e3o de profissionais em cargos de lideran\u00e7a: quando e como fazer - Por: Veridiana Barcelos Psic\u00f3loga","slug":"substituicao-de-profissionais-em-cargos-de-lideranca-quando-e-como-fazer-por-veridiana-barcelos-psicologa","taxonomy":"post_tag","meta":[],"_links":{"self":[{"href":"https:\/\/revistaempresarios.net\/web\/wp-json\/wp\/v2\/tags\/6931"}],"collection":[{"href":"https:\/\/revistaempresarios.net\/web\/wp-json\/wp\/v2\/tags"}],"about":[{"href":"https:\/\/revistaempresarios.net\/web\/wp-json\/wp\/v2\/taxonomies\/post_tag"}],"wp:post_type":[{"href":"https:\/\/revistaempresarios.net\/web\/wp-json\/wp\/v2\/posts?tags=6931"}],"curies":[{"name":"wp","href":"https:\/\/api.w.org\/{rel}","templated":true}]}}