{"id":6919,"count":1,"description":"","link":"https:\/\/revistaempresarios.net\/web\/tag\/grupo-e-seguro-expande-atuacao-nas-regioes-norte-e-nordeste\/","name":"Grupo \u00c9 Seguro expande atua\u00e7\u00e3o nas regi\u00f5es Norte e Nordeste","slug":"grupo-e-seguro-expande-atuacao-nas-regioes-norte-e-nordeste","taxonomy":"post_tag","meta":[],"_links":{"self":[{"href":"https:\/\/revistaempresarios.net\/web\/wp-json\/wp\/v2\/tags\/6919"}],"collection":[{"href":"https:\/\/revistaempresarios.net\/web\/wp-json\/wp\/v2\/tags"}],"about":[{"href":"https:\/\/revistaempresarios.net\/web\/wp-json\/wp\/v2\/taxonomies\/post_tag"}],"wp:post_type":[{"href":"https:\/\/revistaempresarios.net\/web\/wp-json\/wp\/v2\/posts?tags=6919"}],"curies":[{"name":"wp","href":"https:\/\/api.w.org\/{rel}","templated":true}]}}