{"id":6722,"count":1,"description":"","link":"https:\/\/revistaempresarios.net\/web\/tag\/santos-recebera-um-dos-principais-eventos-voltados-a-inovacao-e-negocios-do-brasil\/","name":"Santos receber\u00e1 um dos principais eventos voltados a inova\u00e7\u00e3o e neg\u00f3cios do Brasil","slug":"santos-recebera-um-dos-principais-eventos-voltados-a-inovacao-e-negocios-do-brasil","taxonomy":"post_tag","meta":[],"_links":{"self":[{"href":"https:\/\/revistaempresarios.net\/web\/wp-json\/wp\/v2\/tags\/6722"}],"collection":[{"href":"https:\/\/revistaempresarios.net\/web\/wp-json\/wp\/v2\/tags"}],"about":[{"href":"https:\/\/revistaempresarios.net\/web\/wp-json\/wp\/v2\/taxonomies\/post_tag"}],"wp:post_type":[{"href":"https:\/\/revistaempresarios.net\/web\/wp-json\/wp\/v2\/posts?tags=6722"}],"curies":[{"name":"wp","href":"https:\/\/api.w.org\/{rel}","templated":true}]}}