{"id":6536,"count":1,"description":"","link":"https:\/\/revistaempresarios.net\/web\/tag\/os-desafios-das-demissoes-voluntarias-e-da-retencao-de-talentos-nas-empresas-pornadjane-oliveira-psicologa-e-gerente-de-operacoes-do-grupo-soulan\/","name":"Os desafios das demiss\u00f5es volunt\u00e1rias e da reten\u00e7\u00e3o de talentos nas empresas - Por:Nadjane Oliveira \u2013 Psic\u00f3loga e gerente de Opera\u00e7\u00f5es do Grupo Soulan.","slug":"os-desafios-das-demissoes-voluntarias-e-da-retencao-de-talentos-nas-empresas-pornadjane-oliveira-psicologa-e-gerente-de-operacoes-do-grupo-soulan","taxonomy":"post_tag","meta":[],"_links":{"self":[{"href":"https:\/\/revistaempresarios.net\/web\/wp-json\/wp\/v2\/tags\/6536"}],"collection":[{"href":"https:\/\/revistaempresarios.net\/web\/wp-json\/wp\/v2\/tags"}],"about":[{"href":"https:\/\/revistaempresarios.net\/web\/wp-json\/wp\/v2\/taxonomies\/post_tag"}],"wp:post_type":[{"href":"https:\/\/revistaempresarios.net\/web\/wp-json\/wp\/v2\/posts?tags=6536"}],"curies":[{"name":"wp","href":"https:\/\/api.w.org\/{rel}","templated":true}]}}