{"id":6422,"count":1,"description":"","link":"https:\/\/revistaempresarios.net\/web\/tag\/tecnotextil-brasil-2023-comeca-amanha-em-americana\/","name":"Tecnot\u00eaxtil Brasil 2023 come\u00e7a amanh\u00e3 em Americana","slug":"tecnotextil-brasil-2023-comeca-amanha-em-americana","taxonomy":"post_tag","meta":[],"_links":{"self":[{"href":"https:\/\/revistaempresarios.net\/web\/wp-json\/wp\/v2\/tags\/6422"}],"collection":[{"href":"https:\/\/revistaempresarios.net\/web\/wp-json\/wp\/v2\/tags"}],"about":[{"href":"https:\/\/revistaempresarios.net\/web\/wp-json\/wp\/v2\/taxonomies\/post_tag"}],"wp:post_type":[{"href":"https:\/\/revistaempresarios.net\/web\/wp-json\/wp\/v2\/posts?tags=6422"}],"curies":[{"name":"wp","href":"https:\/\/api.w.org\/{rel}","templated":true}]}}