{"id":6140,"count":1,"description":"","link":"https:\/\/revistaempresarios.net\/web\/tag\/demissao-sem-justa-causa-ha-motivo-para-preocupacao-porfernando-kede\/","name":"Demiss\u00e3o sem justa causa: h\u00e1 motivo para preocupa\u00e7\u00e3o? - Por:Fernando Kede","slug":"demissao-sem-justa-causa-ha-motivo-para-preocupacao-porfernando-kede","taxonomy":"post_tag","meta":[],"_links":{"self":[{"href":"https:\/\/revistaempresarios.net\/web\/wp-json\/wp\/v2\/tags\/6140"}],"collection":[{"href":"https:\/\/revistaempresarios.net\/web\/wp-json\/wp\/v2\/tags"}],"about":[{"href":"https:\/\/revistaempresarios.net\/web\/wp-json\/wp\/v2\/taxonomies\/post_tag"}],"wp:post_type":[{"href":"https:\/\/revistaempresarios.net\/web\/wp-json\/wp\/v2\/posts?tags=6140"}],"curies":[{"name":"wp","href":"https:\/\/api.w.org\/{rel}","templated":true}]}}