{"id":6026,"count":1,"description":"","link":"https:\/\/revistaempresarios.net\/web\/tag\/glaucia-viera-e-socia-proprietaria-da-g2\/","name":"Glaucia Viera \u00e9 s\u00f3cia propriet\u00e1ria da G2","slug":"glaucia-viera-e-socia-proprietaria-da-g2","taxonomy":"post_tag","meta":[],"_links":{"self":[{"href":"https:\/\/revistaempresarios.net\/web\/wp-json\/wp\/v2\/tags\/6026"}],"collection":[{"href":"https:\/\/revistaempresarios.net\/web\/wp-json\/wp\/v2\/tags"}],"about":[{"href":"https:\/\/revistaempresarios.net\/web\/wp-json\/wp\/v2\/taxonomies\/post_tag"}],"wp:post_type":[{"href":"https:\/\/revistaempresarios.net\/web\/wp-json\/wp\/v2\/posts?tags=6026"}],"curies":[{"name":"wp","href":"https:\/\/api.w.org\/{rel}","templated":true}]}}