{"id":12316,"count":1,"description":"","link":"https:\/\/revistaempresarios.net\/web\/tag\/brasilificacao-da-economia-global-reforca-busca-por-diversificacao-internacional-e-protecao-patrimonial\/","name":"\"Brasilifica\u00e7\u00e3o\" da economia global refor\u00e7a busca por diversifica\u00e7\u00e3o internacional e prote\u00e7\u00e3o patrimonial","slug":"brasilificacao-da-economia-global-reforca-busca-por-diversificacao-internacional-e-protecao-patrimonial","taxonomy":"post_tag","meta":[],"_links":{"self":[{"href":"https:\/\/revistaempresarios.net\/web\/wp-json\/wp\/v2\/tags\/12316"}],"collection":[{"href":"https:\/\/revistaempresarios.net\/web\/wp-json\/wp\/v2\/tags"}],"about":[{"href":"https:\/\/revistaempresarios.net\/web\/wp-json\/wp\/v2\/taxonomies\/post_tag"}],"wp:post_type":[{"href":"https:\/\/revistaempresarios.net\/web\/wp-json\/wp\/v2\/posts?tags=12316"}],"curies":[{"name":"wp","href":"https:\/\/api.w.org\/{rel}","templated":true}]}}