{"id":12178,"count":1,"description":"","link":"https:\/\/revistaempresarios.net\/web\/tag\/o-apagao-de-dados-que-ameaca-as-empresas-na-transicao-da-reforma-tributaria\/","name":"O \"apag\u00e3o de dados\" que amea\u00e7a as empresas na transi\u00e7\u00e3o da Reforma Tribut\u00e1ria","slug":"o-apagao-de-dados-que-ameaca-as-empresas-na-transicao-da-reforma-tributaria","taxonomy":"post_tag","meta":[],"_links":{"self":[{"href":"https:\/\/revistaempresarios.net\/web\/wp-json\/wp\/v2\/tags\/12178"}],"collection":[{"href":"https:\/\/revistaempresarios.net\/web\/wp-json\/wp\/v2\/tags"}],"about":[{"href":"https:\/\/revistaempresarios.net\/web\/wp-json\/wp\/v2\/taxonomies\/post_tag"}],"wp:post_type":[{"href":"https:\/\/revistaempresarios.net\/web\/wp-json\/wp\/v2\/posts?tags=12178"}],"curies":[{"name":"wp","href":"https:\/\/api.w.org\/{rel}","templated":true}]}}