{"id":12170,"count":1,"description":"","link":"https:\/\/revistaempresarios.net\/web\/tag\/mentoria-bem-me-quero-chega-a-7a-edicao-em-sao-paulo-com-proposta-de-reconexao-emocional-e-autocuidado\/","name":"Mentoria Bem Me Quero chega \u00e0 7\u00aa edi\u00e7\u00e3o em S\u00e3o Paulo com proposta de reconex\u00e3o emocional e autocuidado","slug":"mentoria-bem-me-quero-chega-a-7a-edicao-em-sao-paulo-com-proposta-de-reconexao-emocional-e-autocuidado","taxonomy":"post_tag","meta":[],"_links":{"self":[{"href":"https:\/\/revistaempresarios.net\/web\/wp-json\/wp\/v2\/tags\/12170"}],"collection":[{"href":"https:\/\/revistaempresarios.net\/web\/wp-json\/wp\/v2\/tags"}],"about":[{"href":"https:\/\/revistaempresarios.net\/web\/wp-json\/wp\/v2\/taxonomies\/post_tag"}],"wp:post_type":[{"href":"https:\/\/revistaempresarios.net\/web\/wp-json\/wp\/v2\/posts?tags=12170"}],"curies":[{"name":"wp","href":"https:\/\/api.w.org\/{rel}","templated":true}]}}