{"id":12144,"count":1,"description":"","link":"https:\/\/revistaempresarios.net\/web\/tag\/geracao-z-assume-protagonismo-no-mercado-automotivo-ate-2028\/","name":"Gera\u00e7\u00e3o Z assume protagonismo no mercado automotivo at\u00e9 2028","slug":"geracao-z-assume-protagonismo-no-mercado-automotivo-ate-2028","taxonomy":"post_tag","meta":[],"_links":{"self":[{"href":"https:\/\/revistaempresarios.net\/web\/wp-json\/wp\/v2\/tags\/12144"}],"collection":[{"href":"https:\/\/revistaempresarios.net\/web\/wp-json\/wp\/v2\/tags"}],"about":[{"href":"https:\/\/revistaempresarios.net\/web\/wp-json\/wp\/v2\/taxonomies\/post_tag"}],"wp:post_type":[{"href":"https:\/\/revistaempresarios.net\/web\/wp-json\/wp\/v2\/posts?tags=12144"}],"curies":[{"name":"wp","href":"https:\/\/api.w.org\/{rel}","templated":true}]}}