{"id":11944,"count":1,"description":"","link":"https:\/\/revistaempresarios.net\/web\/tag\/alto-das-nacoes-surge-como-novo-polo-corporativo-de-escala-no-eixo-nacoes-unidas-e-mira-empresas-em-expansao-para-2026-2027\/","name":"Alto das Na\u00e7\u00f5es surge como novo polo corporativo de escala no eixo Na\u00e7\u00f5es Unidas e mira empresas em expans\u00e3o para 2026-2027","slug":"alto-das-nacoes-surge-como-novo-polo-corporativo-de-escala-no-eixo-nacoes-unidas-e-mira-empresas-em-expansao-para-2026-2027","taxonomy":"post_tag","meta":[],"_links":{"self":[{"href":"https:\/\/revistaempresarios.net\/web\/wp-json\/wp\/v2\/tags\/11944"}],"collection":[{"href":"https:\/\/revistaempresarios.net\/web\/wp-json\/wp\/v2\/tags"}],"about":[{"href":"https:\/\/revistaempresarios.net\/web\/wp-json\/wp\/v2\/taxonomies\/post_tag"}],"wp:post_type":[{"href":"https:\/\/revistaempresarios.net\/web\/wp-json\/wp\/v2\/posts?tags=11944"}],"curies":[{"name":"wp","href":"https:\/\/api.w.org\/{rel}","templated":true}]}}