{"id":11449,"count":2,"description":"","link":"https:\/\/revistaempresarios.net\/web\/tag\/o-profissional-tem-mais-de-30-anos-de-atuacao-na-industria-de-seguros-e-reconhecido-como-um-dos-pioneiros-na-distribuicao-de-seguros-massificados-no-brasil\/","name":"o profissional tem mais de 30 anos de atua\u00e7\u00e3o na ind\u00fastria de seguros. \u00c9 reconhecido como um dos pioneiros na distribui\u00e7\u00e3o de seguros massificados no Brasil","slug":"o-profissional-tem-mais-de-30-anos-de-atuacao-na-industria-de-seguros-e-reconhecido-como-um-dos-pioneiros-na-distribuicao-de-seguros-massificados-no-brasil","taxonomy":"post_tag","meta":[],"_links":{"self":[{"href":"https:\/\/revistaempresarios.net\/web\/wp-json\/wp\/v2\/tags\/11449"}],"collection":[{"href":"https:\/\/revistaempresarios.net\/web\/wp-json\/wp\/v2\/tags"}],"about":[{"href":"https:\/\/revistaempresarios.net\/web\/wp-json\/wp\/v2\/taxonomies\/post_tag"}],"wp:post_type":[{"href":"https:\/\/revistaempresarios.net\/web\/wp-json\/wp\/v2\/posts?tags=11449"}],"curies":[{"name":"wp","href":"https:\/\/api.w.org\/{rel}","templated":true}]}}