{"id":11415,"count":1,"description":"","link":"https:\/\/revistaempresarios.net\/web\/tag\/alta-do-consumo-de-delivery-no-inverno-impulsiona-adaptacao-de-cardapios-e-embalagens\/","name":"Alta do consumo de delivery no inverno impulsiona adapta\u00e7\u00e3o de card\u00e1pios e embalagens","slug":"alta-do-consumo-de-delivery-no-inverno-impulsiona-adaptacao-de-cardapios-e-embalagens","taxonomy":"post_tag","meta":[],"_links":{"self":[{"href":"https:\/\/revistaempresarios.net\/web\/wp-json\/wp\/v2\/tags\/11415"}],"collection":[{"href":"https:\/\/revistaempresarios.net\/web\/wp-json\/wp\/v2\/tags"}],"about":[{"href":"https:\/\/revistaempresarios.net\/web\/wp-json\/wp\/v2\/taxonomies\/post_tag"}],"wp:post_type":[{"href":"https:\/\/revistaempresarios.net\/web\/wp-json\/wp\/v2\/posts?tags=11415"}],"curies":[{"name":"wp","href":"https:\/\/api.w.org\/{rel}","templated":true}]}}