{"id":11413,"count":1,"description":"","link":"https:\/\/revistaempresarios.net\/web\/tag\/setembro-amarelo-um-chamado-a-empatia-e-a-valorizacao-da-vida\/","name":"Setembro Amarelo: um chamado \u00e0 empatia e \u00e0 valoriza\u00e7\u00e3o da vida","slug":"setembro-amarelo-um-chamado-a-empatia-e-a-valorizacao-da-vida","taxonomy":"post_tag","meta":[],"_links":{"self":[{"href":"https:\/\/revistaempresarios.net\/web\/wp-json\/wp\/v2\/tags\/11413"}],"collection":[{"href":"https:\/\/revistaempresarios.net\/web\/wp-json\/wp\/v2\/tags"}],"about":[{"href":"https:\/\/revistaempresarios.net\/web\/wp-json\/wp\/v2\/taxonomies\/post_tag"}],"wp:post_type":[{"href":"https:\/\/revistaempresarios.net\/web\/wp-json\/wp\/v2\/posts?tags=11413"}],"curies":[{"name":"wp","href":"https:\/\/api.w.org\/{rel}","templated":true}]}}