{"id":11312,"count":1,"description":"","link":"https:\/\/revistaempresarios.net\/web\/tag\/grupo-mm-eventos-celebra-o-dia-do-estagiario-com-historias-de-crescimento-e-promocao-de-talentos\/","name":"Grupo MM Eventos celebra o Dia do Estagi\u00e1rio com hist\u00f3rias de crescimento e promo\u00e7\u00e3o de talentos","slug":"grupo-mm-eventos-celebra-o-dia-do-estagiario-com-historias-de-crescimento-e-promocao-de-talentos","taxonomy":"post_tag","meta":[],"_links":{"self":[{"href":"https:\/\/revistaempresarios.net\/web\/wp-json\/wp\/v2\/tags\/11312"}],"collection":[{"href":"https:\/\/revistaempresarios.net\/web\/wp-json\/wp\/v2\/tags"}],"about":[{"href":"https:\/\/revistaempresarios.net\/web\/wp-json\/wp\/v2\/taxonomies\/post_tag"}],"wp:post_type":[{"href":"https:\/\/revistaempresarios.net\/web\/wp-json\/wp\/v2\/posts?tags=11312"}],"curies":[{"name":"wp","href":"https:\/\/api.w.org\/{rel}","templated":true}]}}