{"id":11242,"count":1,"description":"","link":"https:\/\/revistaempresarios.net\/web\/tag\/andre-quintela-e-o-novo-diretor-de-negocios-da-ftd-educacao-para-o-setor-privado\/","name":"Andr\u00e9 Quintela \u00e9 o novo diretor de neg\u00f3cios da FTD Educa\u00e7\u00e3o para o setor privado","slug":"andre-quintela-e-o-novo-diretor-de-negocios-da-ftd-educacao-para-o-setor-privado","taxonomy":"post_tag","meta":[],"_links":{"self":[{"href":"https:\/\/revistaempresarios.net\/web\/wp-json\/wp\/v2\/tags\/11242"}],"collection":[{"href":"https:\/\/revistaempresarios.net\/web\/wp-json\/wp\/v2\/tags"}],"about":[{"href":"https:\/\/revistaempresarios.net\/web\/wp-json\/wp\/v2\/taxonomies\/post_tag"}],"wp:post_type":[{"href":"https:\/\/revistaempresarios.net\/web\/wp-json\/wp\/v2\/posts?tags=11242"}],"curies":[{"name":"wp","href":"https:\/\/api.w.org\/{rel}","templated":true}]}}