{"id":11189,"count":1,"description":"","link":"https:\/\/revistaempresarios.net\/web\/tag\/nova-geracao-de-condominios-horizontais-traz-ate-escola-para-dentro-dos-residenciais\/","name":"Nova gera\u00e7\u00e3o de condom\u00ednios horizontais traz at\u00e9 escola para dentro dos residenciais","slug":"nova-geracao-de-condominios-horizontais-traz-ate-escola-para-dentro-dos-residenciais","taxonomy":"post_tag","meta":[],"_links":{"self":[{"href":"https:\/\/revistaempresarios.net\/web\/wp-json\/wp\/v2\/tags\/11189"}],"collection":[{"href":"https:\/\/revistaempresarios.net\/web\/wp-json\/wp\/v2\/tags"}],"about":[{"href":"https:\/\/revistaempresarios.net\/web\/wp-json\/wp\/v2\/taxonomies\/post_tag"}],"wp:post_type":[{"href":"https:\/\/revistaempresarios.net\/web\/wp-json\/wp\/v2\/posts?tags=11189"}],"curies":[{"name":"wp","href":"https:\/\/api.w.org\/{rel}","templated":true}]}}