{"id":11084,"count":1,"description":"","link":"https:\/\/revistaempresarios.net\/web\/tag\/a-revolucao-da-inteligencia-artificial-multifuncional-nos-negocios-por-samir-karam\/","name":"A Revolu\u00e7\u00e3o da Intelig\u00eancia Artificial multifuncional nos neg\u00f3cios- Por: Samir Karam","slug":"a-revolucao-da-inteligencia-artificial-multifuncional-nos-negocios-por-samir-karam","taxonomy":"post_tag","meta":[],"_links":{"self":[{"href":"https:\/\/revistaempresarios.net\/web\/wp-json\/wp\/v2\/tags\/11084"}],"collection":[{"href":"https:\/\/revistaempresarios.net\/web\/wp-json\/wp\/v2\/tags"}],"about":[{"href":"https:\/\/revistaempresarios.net\/web\/wp-json\/wp\/v2\/taxonomies\/post_tag"}],"wp:post_type":[{"href":"https:\/\/revistaempresarios.net\/web\/wp-json\/wp\/v2\/posts?tags=11084"}],"curies":[{"name":"wp","href":"https:\/\/api.w.org\/{rel}","templated":true}]}}