{"id":11077,"count":1,"description":"","link":"https:\/\/revistaempresarios.net\/web\/tag\/terrana-inicia-operacao-em-sao-paulo-e-se-posiciona-como-nova-forca-no-mercado-de-branding\/","name":"Terrana inicia opera\u00e7\u00e3o em S\u00e3o Paulo e se posiciona como nova for\u00e7a no mercado de branding","slug":"terrana-inicia-operacao-em-sao-paulo-e-se-posiciona-como-nova-forca-no-mercado-de-branding","taxonomy":"post_tag","meta":[],"_links":{"self":[{"href":"https:\/\/revistaempresarios.net\/web\/wp-json\/wp\/v2\/tags\/11077"}],"collection":[{"href":"https:\/\/revistaempresarios.net\/web\/wp-json\/wp\/v2\/tags"}],"about":[{"href":"https:\/\/revistaempresarios.net\/web\/wp-json\/wp\/v2\/taxonomies\/post_tag"}],"wp:post_type":[{"href":"https:\/\/revistaempresarios.net\/web\/wp-json\/wp\/v2\/posts?tags=11077"}],"curies":[{"name":"wp","href":"https:\/\/api.w.org\/{rel}","templated":true}]}}