{"id":10910,"count":1,"description":"","link":"https:\/\/revistaempresarios.net\/web\/tag\/dado-schneider-e-destaque-confirmado-no-festival-led-luz-na-educacao-2025\/","name":"Dado Schneider \u00e9 destaque confirmado no Festival LED - Luz na Educa\u00e7\u00e3o 2025","slug":"dado-schneider-e-destaque-confirmado-no-festival-led-luz-na-educacao-2025","taxonomy":"post_tag","meta":[],"_links":{"self":[{"href":"https:\/\/revistaempresarios.net\/web\/wp-json\/wp\/v2\/tags\/10910"}],"collection":[{"href":"https:\/\/revistaempresarios.net\/web\/wp-json\/wp\/v2\/tags"}],"about":[{"href":"https:\/\/revistaempresarios.net\/web\/wp-json\/wp\/v2\/taxonomies\/post_tag"}],"wp:post_type":[{"href":"https:\/\/revistaempresarios.net\/web\/wp-json\/wp\/v2\/posts?tags=10910"}],"curies":[{"name":"wp","href":"https:\/\/api.w.org\/{rel}","templated":true}]}}