{"id":10862,"count":1,"description":"","link":"https:\/\/revistaempresarios.net\/web\/tag\/e-graduado-em-sistemas-da-informacao-e-possui-especializacao-em-lideranca-e-conselho-digital\/","name":"\u00e9 graduado em sistemas da informa\u00e7\u00e3o e possui especializa\u00e7\u00e3o em lideran\u00e7a e conselho digital","slug":"e-graduado-em-sistemas-da-informacao-e-possui-especializacao-em-lideranca-e-conselho-digital","taxonomy":"post_tag","meta":[],"_links":{"self":[{"href":"https:\/\/revistaempresarios.net\/web\/wp-json\/wp\/v2\/tags\/10862"}],"collection":[{"href":"https:\/\/revistaempresarios.net\/web\/wp-json\/wp\/v2\/tags"}],"about":[{"href":"https:\/\/revistaempresarios.net\/web\/wp-json\/wp\/v2\/taxonomies\/post_tag"}],"wp:post_type":[{"href":"https:\/\/revistaempresarios.net\/web\/wp-json\/wp\/v2\/posts?tags=10862"}],"curies":[{"name":"wp","href":"https:\/\/api.w.org\/{rel}","templated":true}]}}