{"id":10770,"count":1,"description":"","link":"https:\/\/revistaempresarios.net\/web\/tag\/transformacao-digital-na-previdencia-quanta-apresenta-cases-de-ia-no-15o-encontro-sul\/","name":"Transforma\u00e7\u00e3o digital na previd\u00eancia: Quanta apresenta cases de IA no 15\u00ba Encontro Sul","slug":"transformacao-digital-na-previdencia-quanta-apresenta-cases-de-ia-no-15o-encontro-sul","taxonomy":"post_tag","meta":[],"_links":{"self":[{"href":"https:\/\/revistaempresarios.net\/web\/wp-json\/wp\/v2\/tags\/10770"}],"collection":[{"href":"https:\/\/revistaempresarios.net\/web\/wp-json\/wp\/v2\/tags"}],"about":[{"href":"https:\/\/revistaempresarios.net\/web\/wp-json\/wp\/v2\/taxonomies\/post_tag"}],"wp:post_type":[{"href":"https:\/\/revistaempresarios.net\/web\/wp-json\/wp\/v2\/posts?tags=10770"}],"curies":[{"name":"wp","href":"https:\/\/api.w.org\/{rel}","templated":true}]}}