{"id":10748,"count":1,"description":"","link":"https:\/\/revistaempresarios.net\/web\/tag\/como-a-gestao-de-conteudo-nas-empresas-esta-evoluindo-com-a-tecnologia-por-marcelo-araujo-e-diretor-comercial-da-ebox-digital\/","name":"Como a Gest\u00e3o de Conte\u00fado Nas Empresas Est\u00e1 Evoluindo com a Tecnologia - Por: *Marcelo Ara\u00fajo \u00e9 diretor comercial da eBox Digital","slug":"como-a-gestao-de-conteudo-nas-empresas-esta-evoluindo-com-a-tecnologia-por-marcelo-araujo-e-diretor-comercial-da-ebox-digital","taxonomy":"post_tag","meta":[],"_links":{"self":[{"href":"https:\/\/revistaempresarios.net\/web\/wp-json\/wp\/v2\/tags\/10748"}],"collection":[{"href":"https:\/\/revistaempresarios.net\/web\/wp-json\/wp\/v2\/tags"}],"about":[{"href":"https:\/\/revistaempresarios.net\/web\/wp-json\/wp\/v2\/taxonomies\/post_tag"}],"wp:post_type":[{"href":"https:\/\/revistaempresarios.net\/web\/wp-json\/wp\/v2\/posts?tags=10748"}],"curies":[{"name":"wp","href":"https:\/\/api.w.org\/{rel}","templated":true}]}}