{"id":10560,"count":1,"description":"","link":"https:\/\/revistaempresarios.net\/web\/tag\/80-da-geracao-z-acreditam-que-mudar-de-emprego-e-essencial-para-o-crescimento-profissional\/","name":"80% da Gera\u00e7\u00e3o Z acreditam que mudar de emprego \u00e9 essencial para o crescimento profissional","slug":"80-da-geracao-z-acreditam-que-mudar-de-emprego-e-essencial-para-o-crescimento-profissional","taxonomy":"post_tag","meta":[],"_links":{"self":[{"href":"https:\/\/revistaempresarios.net\/web\/wp-json\/wp\/v2\/tags\/10560"}],"collection":[{"href":"https:\/\/revistaempresarios.net\/web\/wp-json\/wp\/v2\/tags"}],"about":[{"href":"https:\/\/revistaempresarios.net\/web\/wp-json\/wp\/v2\/taxonomies\/post_tag"}],"wp:post_type":[{"href":"https:\/\/revistaempresarios.net\/web\/wp-json\/wp\/v2\/posts?tags=10560"}],"curies":[{"name":"wp","href":"https:\/\/api.w.org\/{rel}","templated":true}]}}