{"id":10478,"count":1,"description":"","link":"https:\/\/revistaempresarios.net\/web\/tag\/cortes-na-producao-de-cafe-no-brasil-faz-disparar-o-preco-em-todo-o-mundo\/","name":"Cortes na produ\u00e7\u00e3o de caf\u00e9 no Brasil faz disparar o pre\u00e7o em todo o mundo","slug":"cortes-na-producao-de-cafe-no-brasil-faz-disparar-o-preco-em-todo-o-mundo","taxonomy":"post_tag","meta":[],"_links":{"self":[{"href":"https:\/\/revistaempresarios.net\/web\/wp-json\/wp\/v2\/tags\/10478"}],"collection":[{"href":"https:\/\/revistaempresarios.net\/web\/wp-json\/wp\/v2\/tags"}],"about":[{"href":"https:\/\/revistaempresarios.net\/web\/wp-json\/wp\/v2\/taxonomies\/post_tag"}],"wp:post_type":[{"href":"https:\/\/revistaempresarios.net\/web\/wp-json\/wp\/v2\/posts?tags=10478"}],"curies":[{"name":"wp","href":"https:\/\/api.w.org\/{rel}","templated":true}]}}