{"id":10269,"count":1,"description":"","link":"https:\/\/revistaempresarios.net\/web\/tag\/bar-jobim-recria-a-calcada-de-ipanema-e-recebe-helo-pinheiro-em-fim-de-tarde-de-inauguracao\/","name":"Bar Jobim recria a Cal\u00e7ada de Ipanema e recebe Hel\u00f4 Pinheiro em fim de tarde de inaugura\u00e7\u00e3o","slug":"bar-jobim-recria-a-calcada-de-ipanema-e-recebe-helo-pinheiro-em-fim-de-tarde-de-inauguracao","taxonomy":"post_tag","meta":[],"_links":{"self":[{"href":"https:\/\/revistaempresarios.net\/web\/wp-json\/wp\/v2\/tags\/10269"}],"collection":[{"href":"https:\/\/revistaempresarios.net\/web\/wp-json\/wp\/v2\/tags"}],"about":[{"href":"https:\/\/revistaempresarios.net\/web\/wp-json\/wp\/v2\/taxonomies\/post_tag"}],"wp:post_type":[{"href":"https:\/\/revistaempresarios.net\/web\/wp-json\/wp\/v2\/posts?tags=10269"}],"curies":[{"name":"wp","href":"https:\/\/api.w.org\/{rel}","templated":true}]}}